{"id":1754,"date":"2023-11-24T23:48:09","date_gmt":"2023-11-24T22:48:09","guid":{"rendered":"https:\/\/ambzagabria.esteri.it\/news\/dall_ambasciata\/2023\/11\/25-novembre-giornata-internazionale-per-leliminazione-della-violenza-contro-le-donne\/"},"modified":"2023-11-27T17:04:27","modified_gmt":"2023-11-27T16:04:27","slug":"25-novembre-giornata-internazionale-per-leliminazione-della-violenza-contro-le-donne","status":"publish","type":"post","link":"https:\/\/ambzagabria.esteri.it\/hr\/news\/dall_ambasciata\/2023\/11\/25-novembre-giornata-internazionale-per-leliminazione-della-violenza-contro-le-donne\/","title":{"rendered":"25. studenoga: Me\u0111unarodni dan borbe protiv nasilja nad \u017eenama"},"content":{"rendered":"<p>Ministarstvo vanjskih poslova i me\u0111unarodne suradnje Republike Italije (Farnesina) se tako\u0111er uklju\u010dilo u kampanju podizanja svijesti Ujedinjenih naroda povodom Me\u0111unarodnog dana borbe protiv nasilja nad \u017eenama. Sutra, u subotu 25. studenoga u 18.15 sati, potpredsjednik Vlade i ministar vanjskih poslova Republike Italije, Antonio Tajani, priustvovati \u0107e sve\u010danosti osvjetljavanja Pala\u010de Farnesina (sjedi\u0161ta talijanskog Ministarstva vanjskih poslova i me\u0111unarodne suradnje), koja \u0107e se odr\u017eati na trgu ispred pala\u010de.<\/p>\n<p>\u201cPala\u010da Farnesina obojati \u0107e se naran\u010dastom svjetlo\u0161\u0107u kako bi se dao sna\u017ean signal pa\u017enje i ponovila \u010dvrsta osuda svake vrste nasilja nad \u017eenama, zlo\u010dina punog mr\u017enje koji predstavlja jedan od najte\u017eih i najra\u0161irenijih oblika kr\u0161enja ljudskih prava u svijetu. Svakoga sata u svijetu 5 \u017eena bude ubijeno unutar obitelji, dok je svaka tre\u0107a \u017eena \u017ertva tjelesnog ili psihi\u010dkog nasilja ili zlostavljanja i iskori\u0161tavanja\u201c, izjavio je Tajani.<\/p>\n<p>\u201cNasilje nad \u017eenama je po\u0161ast koja na\u017ealost poga\u0111a i na\u0161u zemlju. Kao potpredsjednik Vlade i ministar vanjskih poslova, odlu\u010dio sam posvetiti uspomeni na Giuliju Cecchettin, \u010dije je ubojstvo \u0161okiralo zemlju, glavni program stipendiranja izvrsnosti koji promi\u010de Farnesina, \u2018Invest Your Talent in Italy\u2019, usmjeren na najbolje inozemne talente koji dolaze iz 17 zemalja u fokusu i zainteresirani su za studiranje in\u017eenjerskih, ekonomskih ili arhitektonskih disciplina u Italiji.\u201d \u2013 istaknuo je Tajani.<\/p>\n<p>Prema odluci potpredsjednika Vlade, Farnesina i njezina inozemna mre\u017ea pridru\u017eili su se kampanji &#8220;Obojimo svijet u naran\u010dasto&#8221;, koja pokre\u0107e 16 dana inicijativa u suradnji s civilnim dru\u0161tvom. Kampanja pod nazivom \u201cUNITE! Invest to prevent violence against women and girls\u201d, usredoto\u010duje se na promicanje ulaganja i financijskih sredstava posve\u0107enih borbi protiv rodnog nasilja, postavljaju\u0107i jo\u0161 ambiciozniji cilj: progla\u0161avanje svakog 25. dana u mjesecu &#8220;Naran\u010dastim danom&#8221;, kao alata za ja\u010danje i kontinuirane pozornosti javnosti na tu temu.<\/p>\n<p>Stanje ranjivosti \u017eena i djevojaka dodatno je ote\u017eano u oru\u017eanim sukobima, kao i u svim izvanrednim situacijama, u kojima su one najizlo\u017eenije. Suo\u010dena s ovim alarmantnim podacima, Italija jo\u0161 jednom izra\u017eava najo\u0161triju osudu svih oblika diskriminacije i nasilja nad \u017eenama.<\/p>\n<p>Eliminacija nasilja nad \u017eenama i potpora emancipaciji \u017eena jedan su od stupova aktivnosti talijanske vanjske politike i razvojne suradnje. Tome svjedo\u010de brojne me\u0111unarodne kampanje, poput onih za iskorjenjivanje genitalnog saka\u0107enja \u017eena te ranih i prisilnih brakova, u kojima je Italija uvijek bila na \u010delu, te na\u0161e zalaganje unutar Povjerenstva UN-a za polo\u017eaj \u017eena. Tako\u0111er u okviru UN-ove agende \u201e\u017dene, mir i sigurnost\u201c, Italija je na \u010delu me\u0111unarodne zajednice kako u promicanju inicijativa usmjerenih na ja\u010danje uloge \u017eena u prevenciji i rje\u0161avanju sukoba te u poslijeratnom razdoblju obnove, tako i putem \u010cetvrtog nacionalnog akcijskog plana za razdoblje 2020.-2024.<\/p>\n<p>Italija sudjeluje u programima UNIDO-a usmjerenim na podupiranje prilika \u017eenskog poduzetni\u0161tva u regiji MENA i ponosni smo podupiratelji Mre\u017ee \u017eena medijatorica na Mediteranu, kao i zaklade \u201cGender Equality Trust Fund \u2013 Affirmative Finance Action for Women in Africa (AFAWA)\u201d Afri\u010dke razvojne banke. Nove smjernice Talijanske razvojne suradnje o rodnoj ravnopravnosti i ja\u010danju polo\u017eaja \u017eena, djevojaka i djevoj\u010dica imaju za cilj dodatno intenzivirati na\u0161e zalaganje kroz specifi\u010dne inicijative koje se\u017eu od zdravlja \u017eene, majke i djeteta, spolnog i reproduktivnog zdravlja, do podr\u0161ke programima u korist obrazovanja djevojaka i \u017eena te projektima razvoja \u017eenskog poduzetni\u0161tva.<\/p>\n<p>Planiranje i provedba u\u010dinkovitih politika na me\u0111unarodnoj razini tako\u0111er su od temeljne va\u017enosti za punu realizaciju 5. cilja odr\u017eivog razvoja iz Agende 2030. Akcijskog plana EU-a za ljudska prava i demokraciju 2020.-2024. i Strategije EU-a za rodnu ravnopravnost 2020.-2025.<\/p>\n","protected":false},"excerpt":{"rendered":"Ministarstvo vanjskih poslova i me\u0111unarodne suradnje Republike Italije (Farnesina) se tako\u0111er uklju\u010dilo u kampanju podizanja svijesti Ujedinjenih naroda povodom Me\u0111unarodnog dana borbe protiv nasilja nad \u017eenama. Sutra, u subotu 25. studenoga u 18.15 sati, potpredsjednik Vlade i ministar vanjskih poslova Republike Italije, Antonio Tajani, priustvovati \u0107e sve\u010danosti osvjetljavanja Pala\u010de Farnesina (sjedi\u0161ta talijanskog Ministarstva vanjskih poslova [&hellip;]","protected":false},"author":4,"featured_media":1751,"comment_status":"closed","ping_status":"closed","sticky":false,"template":"","format":"standard","meta":{"footnotes":""},"tags":[],"class_list":["post-1754","post","type-post","status-publish","format-standard","has-post-thumbnail","hentry"],"_links":{"self":[{"href":"https:\/\/ambzagabria.esteri.it\/hr\/wp-json\/wp\/v2\/posts\/1754","targetHints":{"allow":["GET"]}}],"collection":[{"href":"https:\/\/ambzagabria.esteri.it\/hr\/wp-json\/wp\/v2\/posts"}],"about":[{"href":"https:\/\/ambzagabria.esteri.it\/hr\/wp-json\/wp\/v2\/types\/post"}],"author":[{"embeddable":true,"href":"https:\/\/ambzagabria.esteri.it\/hr\/wp-json\/wp\/v2\/users\/4"}],"replies":[{"embeddable":true,"href":"https:\/\/ambzagabria.esteri.it\/hr\/wp-json\/wp\/v2\/comments?post=1754"}],"version-history":[{"count":4,"href":"https:\/\/ambzagabria.esteri.it\/hr\/wp-json\/wp\/v2\/posts\/1754\/revisions"}],"predecessor-version":[{"id":1762,"href":"https:\/\/ambzagabria.esteri.it\/hr\/wp-json\/wp\/v2\/posts\/1754\/revisions\/1762"}],"wp:featuredmedia":[{"embeddable":true,"href":"https:\/\/ambzagabria.esteri.it\/hr\/wp-json\/wp\/v2\/media\/1751"}],"wp:attachment":[{"href":"https:\/\/ambzagabria.esteri.it\/hr\/wp-json\/wp\/v2\/media?parent=1754"}],"wp:term":[{"taxonomy":"post_tag","embeddable":true,"href":"https:\/\/ambzagabria.esteri.it\/hr\/wp-json\/wp\/v2\/tags?post=1754"}],"curies":[{"name":"wp","href":"https:\/\/api.w.org\/{rel}","templated":true}]}}