{"id":5520,"date":"2026-04-29T12:01:44","date_gmt":"2026-04-29T10:01:44","guid":{"rendered":"https:\/\/ambzagabria.esteri.it\/?p=5520"},"modified":"2026-04-29T14:48:34","modified_gmt":"2026-04-29T12:48:34","slug":"drzavna-tajnica-tripodi-na-sastanku-na-vrhu-inicijative-triju-mora-italija-postaje-strateski-partner","status":"publish","type":"post","link":"https:\/\/ambzagabria.esteri.it\/hr\/news\/dall_ambasciata\/2026\/04\/drzavna-tajnica-tripodi-na-sastanku-na-vrhu-inicijative-triju-mora-italija-postaje-strateski-partner\/","title":{"rendered":"Dr\u017eavna tajnica Tripodi na Sastanku na vrhu Inicijative triju mora: Italija postaje strate\u0161ki partner"},"content":{"rendered":"<p>Dr\u017eavna tajnica za vanjske poslove Maria Tripodi sudjelovala je danas u Dubrovniku \u2013 u svojstvu izaslanice ministra Tajanija \u2013 na Sastanku na vrhu Inicijative triju mora, platforme regionalne suradnje pokrenute 2015. godine, koju \u010dini 13 dr\u017eava \u010dlanica Europske unije i 6 strate\u0161kih partnera.<\/p>\n<p>Ovaj susret ima posebnu va\u017enost za Italiju, koja je pozvanu da sudjeluje na Summitu nakon najave ministra Tajanija o namjeri pristupanja Inicijativi u ulozi \u00a0strate\u0161kog partnera.<\/p>\n<p>\u201eU trenutku velikih izazova za Europu i svijet \u2013 izjavila je Tripodi \u2013 Italija je iskazala interes za pristupanje Inicijativi u svojstvu strate\u0161kog partnera, svjesna klju\u010dne va\u017enosti regije koja obuhva\u0107a Jadran, Baltik i Crno more, dijele\u0107i u potpunosti ciljeve ovog Foruma, te uvjerena u sposobnost Rima da doprinese stvaranjem dodane vrijednosti.\u201c Me\u0111u tim ciljevima, dr\u017eavna tajnica naglasila je procese infrastrukturne integracije te ja\u010danje povezivosti u srednjoj i isto\u010dnoj Europi, \u0161to, prije svega, treba shvatiti kao \u010dimbenik sigurnosti i konkurentnosti.<\/p>\n<p>Novi status strate\u0161kog partnera \u2013 zajedno s Njema\u010dkom, Japanom, EU-om, SAD-om, \u0160panjolskom i Turskom \u2013 omogu\u0107it \u0107e Italiji da podupre razvoj prometnih koridora od istoka prema zapadu te od sjevera prema jugu, u skladu s ulogom Italije unutar Srednjoeuropske inicijative i projekta IMEC (Ekonomski koridor Indija-Bliski istok-Europa).<\/p>\n","protected":false},"excerpt":{"rendered":"Dr\u017eavna tajnica za vanjske poslove Maria Tripodi sudjelovala je danas u Dubrovniku \u2013 u svojstvu izaslanice ministra Tajanija \u2013 na Sastanku na vrhu Inicijative triju mora, platforme regionalne suradnje pokrenute 2015. godine, koju \u010dini 13 dr\u017eava \u010dlanica Europske unije i 6 strate\u0161kih partnera. Ovaj susret ima posebnu va\u017enost za Italiju, koja je pozvanu da sudjeluje [&hellip;]","protected":false},"author":4,"featured_media":5513,"comment_status":"closed","ping_status":"closed","sticky":false,"template":"","format":"standard","meta":{"footnotes":""},"tags":[],"class_list":["post-5520","post","type-post","status-publish","format-standard","has-post-thumbnail","hentry"],"_links":{"self":[{"href":"https:\/\/ambzagabria.esteri.it\/hr\/wp-json\/wp\/v2\/posts\/5520","targetHints":{"allow":["GET"]}}],"collection":[{"href":"https:\/\/ambzagabria.esteri.it\/hr\/wp-json\/wp\/v2\/posts"}],"about":[{"href":"https:\/\/ambzagabria.esteri.it\/hr\/wp-json\/wp\/v2\/types\/post"}],"author":[{"embeddable":true,"href":"https:\/\/ambzagabria.esteri.it\/hr\/wp-json\/wp\/v2\/users\/4"}],"replies":[{"embeddable":true,"href":"https:\/\/ambzagabria.esteri.it\/hr\/wp-json\/wp\/v2\/comments?post=5520"}],"version-history":[{"count":1,"href":"https:\/\/ambzagabria.esteri.it\/hr\/wp-json\/wp\/v2\/posts\/5520\/revisions"}],"predecessor-version":[{"id":5523,"href":"https:\/\/ambzagabria.esteri.it\/hr\/wp-json\/wp\/v2\/posts\/5520\/revisions\/5523"}],"wp:featuredmedia":[{"embeddable":true,"href":"https:\/\/ambzagabria.esteri.it\/hr\/wp-json\/wp\/v2\/media\/5513"}],"wp:attachment":[{"href":"https:\/\/ambzagabria.esteri.it\/hr\/wp-json\/wp\/v2\/media?parent=5520"}],"wp:term":[{"taxonomy":"post_tag","embeddable":true,"href":"https:\/\/ambzagabria.esteri.it\/hr\/wp-json\/wp\/v2\/tags?post=5520"}],"curies":[{"name":"wp","href":"https:\/\/api.w.org\/{rel}","templated":true}]}}