{"id":786,"date":"2023-09-04T15:14:02","date_gmt":"2023-09-04T13:14:02","guid":{"rendered":"https:\/\/ambzagabria.esteri.it\/news\/dall_ambasciata\/2023\/09\/avviso-di-pubblicita-per-contributi_0-2\/"},"modified":"2023-10-23T17:00:11","modified_gmt":"2023-10-23T15:00:11","slug":"avviso-di-pubblicita-per-contributi_0-2","status":"publish","type":"post","link":"https:\/\/ambzagabria.esteri.it\/hr\/news\/dall_ambasciata\/2023\/09\/avviso-di-pubblicita-per-contributi_0-2\/","title":{"rendered":"Javni poziv za dodjelu sredstava privatnim subjektima u svrhu o\u010duvanja mira i me\u0111unarodne sigurnosti te provedbe humanitarnih inicijativa i za\u0161tite ljudskih prava"},"content":{"rendered":"<p>Glavna uprava za globalizaciju (DGMO) i Glavna uprava za Europsku uniju (DGUE) Ministarstva vanjskih poslova i me\u0111unarodne suradnje objavljuju javni poziv na natje\u010daj za dodjelu sredstava privatnim subjektima, talijanskim i stranim, za projekte povezane s o\u010duvanjem mira i me\u0111unarodne sigurnosti i provedbom humanitarnih inicijativa i za\u0161tite ljudskih prava.<\/p>\n<p>Na taj se na\u010din obnavlja inovativni oblik javno-privatnog partnerstva koji, koriste\u0107i anga\u017eman i vje\u0161tine civilnog dru\u0161tva, poma\u017ee ja\u010danju vjerodostojnosti i u\u010dinkovitosti talijanske vanjske politike u svijetu.<\/p>\n<p>Sve informacije potrebne za sudjelovanje na natje\u010daju, uklju\u010duju\u0107i i rokove za prijavu projekata, mogu\u0107e je prona\u0107i na stranici:<\/p>\n<p><a href=\"https:\/\/www.esteri.it\/it\/trasparenza_comunicazioni_legali\/sovvenzioni_contributi_sussidi_vantaggi_economici\/criterimodalita\/\">https:\/\/www.esteri.it\/it\/trasparenza_comunicazioni_legali\/sovvenzioni_contributi_sussidi_vantaggi_economici\/criterimodalita\/<\/a><\/p>\n<p><span style=\"text-decoration: underline;\"><strong>Javni poziv \u2013 DGMO<\/strong><\/span> (rok za prijavu 15. rujna 2023.)<\/p>\n<ul>\n<li><a href=\"https:\/\/www.esteri.it\/mae\/resource\/atti_concessione\/CM_17806.pdf\">Javni poziv za privatne subjekte 2023.<\/a><\/li>\n<li><a href=\"https:\/\/www.esteri.it\/mae\/resource\/atti_concessione\/CM_17805.pdf\">Uredba o pokretanju postupka za isplatu sredstava u nadle\u017enosti Glavne uprave za globalizaciju i globalna pitanja privatnim subjektima 2023.<\/a><\/li>\n<li><a href=\"https:\/\/www.esteri.it\/mae\/resource\/atti_concessione\/CM_17807.pdf\">Natje\u010daj privatni subjekti &#8211; Prilog A 2023.<\/a><\/li>\n<li><a href=\"https:\/\/www.esteri.it\/mae\/resource\/atti_concessione\/CM_17808.pdf\">Natje\u010daj privatni subjekti &#8211; Prilog B 2023.<\/a><\/li>\n<li><a href=\"https:\/\/www.esteri.it\/mae\/resource\/atti_concessione\/CM_17809.pdf\">Natje\u010daj privatni subjekti &#8211; Prilog C 2023.<\/a><\/li>\n<li><a href=\"https:\/\/www.esteri.it\/mae\/resource\/atti_concessione\/CM_17810.pdf\">Natje\u010daj privatni subjekti &#8211; Prilog D 2023.<\/a><\/li>\n<\/ul>\n<p><span style=\"text-decoration: underline;\"><strong>Javni poziv za Natje\u010daj Balcani \u2013 DGUE<\/strong><\/span>(scadenza 30 settembre 2023)<\/p>\n<ul>\n<li><a href=\"https:\/\/www.esteri.it\/mae\/resource\/atti_concessione\/CM_17798.pdf\">Javni poziv za privatne subjekte 2023.: Natje\u010daj Balcani<\/a><\/li>\n<li><a href=\"https:\/\/www.esteri.it\/mae\/resource\/atti_concessione\/CM_17799.pdf\">Natje\u010daj Balcani 2023.: Prilog A &#8211; Upit za dodjelu sredstava<\/a><\/li>\n<li><a href=\"https:\/\/www.esteri.it\/mae\/resource\/atti_concessione\/CM_14108.pdf\">Natje\u010daj Balcani 2023.: Prilog A1 &#8211; Application Form<\/a><\/li>\n<li><a href=\"https:\/\/www.esteri.it\/mae\/resource\/atti_concessione\/CM_17801.pdf\">Natje\u010daj Balcani 2023.: Prilog A2 &#8211; Budget<\/a><\/li>\n<li><a href=\"https:\/\/www.esteri.it\/mae\/resource\/atti_concessione\/CM_17802.pdf\">Natje\u010daj Balcani 2023.: Prilog B &#8211; Izjava izvornost preslika dokumenata<\/a><\/li>\n<li><a href=\"https:\/\/www.esteri.it\/mae\/resource\/atti_concessione\/CM_17803.pdf\">Natje\u010daj Balcani 2023.: Prilog C &#8211; Izjava opravdanje izvornika<\/a><\/li>\n<li><a href=\"https:\/\/www.esteri.it\/mae\/resource\/atti_concessione\/CM_17804.pdf\">Natje\u010daj Balcani 2023.: Prilog D &#8211; Izjava povezanost tro\u0161kova projekta<\/a><\/li>\n<\/ul>\n","protected":false},"excerpt":{"rendered":"Glavna uprava za globalizaciju (DGMO) i Glavna uprava za Europsku uniju (DGUE) Ministarstva vanjskih poslova i me\u0111unarodne suradnje objavljuju javni poziv na natje\u010daj za dodjelu sredstava privatnim subjektima, talijanskim i stranim, za projekte povezane s o\u010duvanjem mira i me\u0111unarodne sigurnosti i provedbom humanitarnih inicijativa i za\u0161tite ljudskih prava. Na taj se na\u010din obnavlja inovativni oblik [&hellip;]","protected":false},"author":1,"featured_media":0,"comment_status":"closed","ping_status":"closed","sticky":false,"template":"","format":"standard","meta":{"footnotes":""},"tags":[],"class_list":["post-786","post","type-post","status-publish","format-standard","hentry"],"_links":{"self":[{"href":"https:\/\/ambzagabria.esteri.it\/hr\/wp-json\/wp\/v2\/posts\/786","targetHints":{"allow":["GET"]}}],"collection":[{"href":"https:\/\/ambzagabria.esteri.it\/hr\/wp-json\/wp\/v2\/posts"}],"about":[{"href":"https:\/\/ambzagabria.esteri.it\/hr\/wp-json\/wp\/v2\/types\/post"}],"author":[{"embeddable":true,"href":"https:\/\/ambzagabria.esteri.it\/hr\/wp-json\/wp\/v2\/users\/1"}],"replies":[{"embeddable":true,"href":"https:\/\/ambzagabria.esteri.it\/hr\/wp-json\/wp\/v2\/comments?post=786"}],"version-history":[{"count":1,"href":"https:\/\/ambzagabria.esteri.it\/hr\/wp-json\/wp\/v2\/posts\/786\/revisions"}],"predecessor-version":[{"id":1666,"href":"https:\/\/ambzagabria.esteri.it\/hr\/wp-json\/wp\/v2\/posts\/786\/revisions\/1666"}],"wp:attachment":[{"href":"https:\/\/ambzagabria.esteri.it\/hr\/wp-json\/wp\/v2\/media?parent=786"}],"wp:term":[{"taxonomy":"post_tag","embeddable":true,"href":"https:\/\/ambzagabria.esteri.it\/hr\/wp-json\/wp\/v2\/tags?post=786"}],"curies":[{"name":"wp","href":"https:\/\/api.w.org\/{rel}","templated":true}]}}