{"id":815,"date":"2022-08-12T09:48:11","date_gmt":"2022-08-12T07:48:11","guid":{"rendered":"https:\/\/ambzagabria.esteri.it\/news\/dall_ambasciata\/2022\/08\/conferenza-delle-aaddette-e-degli-2\/"},"modified":"2022-08-12T09:48:11","modified_gmt":"2022-08-12T07:48:11","slug":"conferenza-delle-aaddette-e-degli-2","status":"publish","type":"post","link":"https:\/\/ambzagabria.esteri.it\/hr\/news\/dall_ambasciata\/2022\/08\/conferenza-delle-aaddette-e-degli-2\/","title":{"rendered":"Konferencija znastvenica i znastvenika 2022.: &#8220;Science, She Says!&#8221;"},"content":{"rendered":"<p>Povodom Konferencije znanstvenica i znastvenika 2022. (Italian Scientific Attach\u00e9s Conference ), Glavna uprava za promid\u017ebu zemlje pokrenula je nagradu <em><strong>Science, she says!<\/strong><\/em>.<\/p>\n<p>Nagrada se dodjeluje mladim istra\u017eiva\u010dicama u inozemstvu koje su se posebno istaknule u kontekstu zemlje u kojoj posluju.<\/p>\n<p>Prijedlozi se moraju dostaviti<strong> do 10. rujna 2022<\/strong>. na sljede\u0107u adresu e-po\u0161te: <a href=\"mailto:amb.zagabria@esteri.it\">amb.zagabria@esteri.it<\/a>.<\/p>\n<p>\u00a0<\/p>\n<ul>\n<li><a href=\"resource\/doc\/2022\/08\/avviso_premio_science_she_says.pdf\">Announcement<\/a><\/li>\n<li><a href=\"resource\/doc\/2022\/08\/nomination_form.docx\">Nomination Form<\/a><\/li>\n<\/ul>\n","protected":false},"excerpt":{"rendered":"Povodom Konferencije znanstvenica i znastvenika 2022. (Italian Scientific Attach\u00e9s Conference ), Glavna uprava za promid\u017ebu zemlje pokrenula je nagradu Science, she says!. Nagrada se dodjeluje mladim istra\u017eiva\u010dicama u inozemstvu koje su se posebno istaknule u kontekstu zemlje u kojoj posluju. Prijedlozi se moraju dostaviti do 10. rujna 2022. na sljede\u0107u adresu e-po\u0161te: amb.zagabria@esteri.it. \u00a0 Announcement [&hellip;]","protected":false},"author":1,"featured_media":0,"comment_status":"","ping_status":"","sticky":false,"template":"","format":"standard","meta":{"footnotes":""},"tags":[],"class_list":["post-815","post","type-post","status-publish","format-standard","hentry"],"_links":{"self":[{"href":"https:\/\/ambzagabria.esteri.it\/hr\/wp-json\/wp\/v2\/posts\/815","targetHints":{"allow":["GET"]}}],"collection":[{"href":"https:\/\/ambzagabria.esteri.it\/hr\/wp-json\/wp\/v2\/posts"}],"about":[{"href":"https:\/\/ambzagabria.esteri.it\/hr\/wp-json\/wp\/v2\/types\/post"}],"author":[{"embeddable":true,"href":"https:\/\/ambzagabria.esteri.it\/hr\/wp-json\/wp\/v2\/users\/1"}],"replies":[{"embeddable":true,"href":"https:\/\/ambzagabria.esteri.it\/hr\/wp-json\/wp\/v2\/comments?post=815"}],"version-history":[{"count":0,"href":"https:\/\/ambzagabria.esteri.it\/hr\/wp-json\/wp\/v2\/posts\/815\/revisions"}],"wp:attachment":[{"href":"https:\/\/ambzagabria.esteri.it\/hr\/wp-json\/wp\/v2\/media?parent=815"}],"wp:term":[{"taxonomy":"post_tag","embeddable":true,"href":"https:\/\/ambzagabria.esteri.it\/hr\/wp-json\/wp\/v2\/tags?post=815"}],"curies":[{"name":"wp","href":"https:\/\/api.w.org\/{rel}","templated":true}]}}