{"id":825,"date":"2022-07-18T14:36:36","date_gmt":"2022-07-18T12:36:36","guid":{"rendered":"https:\/\/ambzagabria.esteri.it\/news\/dall_ambasciata\/2022\/07\/young-reporters-in-dialogue-training-2\/"},"modified":"2022-07-18T14:36:36","modified_gmt":"2022-07-18T12:36:36","slug":"young-reporters-in-dialogue-training-2","status":"publish","type":"post","link":"https:\/\/ambzagabria.esteri.it\/hr\/news\/dall_ambasciata\/2022\/07\/young-reporters-in-dialogue-training-2\/","title":{"rendered":"\u201cYoung Reporters in Dialogue: Training Program on Regional Cooperation and Reconciliation\u201d \u2013 poziv za prijave"},"content":{"rendered":"<p>Institut za srednjoisto\u010dnu Europu i Balkan, uz podr\u0161ku Ministarstva vanjskih poslova i me\u0111unarodne suradnje, organizira seminar \u201cYoung Reporters in Dialogue: Training Program on Regional Cooperation and Reconciliation\u201d Seminar \u0107e se odvijati od 26. rujna do 7. listopada i namijenjen je 12 sudionika iz zemalja zapadnog Balkana, uklju\u010duju\u0107i Hrvatsku. Rok za podno\u0161enje prijava je <span style=\"text-decoration: underline;\">20. kolovoza 2022<\/span>. godine.<\/p>\n<p>Kriteriji i upute za podno\u0161enje prijava nalaze se u tekstu natje\u010daja, dostupnom na <a href=\"resource\/doc\/2022\/07\/call_for_participants_young_reporters_in_dialogue.pdf\">engleskom jezikujeziku<\/a>.<\/p>\n","protected":false},"excerpt":{"rendered":"Institut za srednjoisto\u010dnu Europu i Balkan, uz podr\u0161ku Ministarstva vanjskih poslova i me\u0111unarodne suradnje, organizira seminar \u201cYoung Reporters in Dialogue: Training Program on Regional Cooperation and Reconciliation\u201d Seminar \u0107e se odvijati od 26. rujna do 7. listopada i namijenjen je 12 sudionika iz zemalja zapadnog Balkana, uklju\u010duju\u0107i Hrvatsku. Rok za podno\u0161enje prijava je 20. kolovoza [&hellip;]","protected":false},"author":1,"featured_media":0,"comment_status":"","ping_status":"","sticky":false,"template":"","format":"standard","meta":{"footnotes":""},"tags":[],"class_list":["post-825","post","type-post","status-publish","format-standard","hentry"],"_links":{"self":[{"href":"https:\/\/ambzagabria.esteri.it\/hr\/wp-json\/wp\/v2\/posts\/825","targetHints":{"allow":["GET"]}}],"collection":[{"href":"https:\/\/ambzagabria.esteri.it\/hr\/wp-json\/wp\/v2\/posts"}],"about":[{"href":"https:\/\/ambzagabria.esteri.it\/hr\/wp-json\/wp\/v2\/types\/post"}],"author":[{"embeddable":true,"href":"https:\/\/ambzagabria.esteri.it\/hr\/wp-json\/wp\/v2\/users\/1"}],"replies":[{"embeddable":true,"href":"https:\/\/ambzagabria.esteri.it\/hr\/wp-json\/wp\/v2\/comments?post=825"}],"version-history":[{"count":0,"href":"https:\/\/ambzagabria.esteri.it\/hr\/wp-json\/wp\/v2\/posts\/825\/revisions"}],"wp:attachment":[{"href":"https:\/\/ambzagabria.esteri.it\/hr\/wp-json\/wp\/v2\/media?parent=825"}],"wp:term":[{"taxonomy":"post_tag","embeddable":true,"href":"https:\/\/ambzagabria.esteri.it\/hr\/wp-json\/wp\/v2\/tags?post=825"}],"curies":[{"name":"wp","href":"https:\/\/api.w.org\/{rel}","templated":true}]}}