{"id":832,"date":"2022-06-03T14:01:57","date_gmt":"2022-06-03T12:01:57","guid":{"rendered":"https:\/\/ambzagabria.esteri.it\/news\/dall_ambasciata\/2022\/06\/borse-di-studio-del-governo-italiano-2\/"},"modified":"2022-06-03T14:01:57","modified_gmt":"2022-06-03T12:01:57","slug":"borse-di-studio-del-governo-italiano-2","status":"publish","type":"post","link":"https:\/\/ambzagabria.esteri.it\/hr\/news\/dall_ambasciata\/2022\/06\/borse-di-studio-del-governo-italiano-2\/","title":{"rendered":"STIPENDIJE TALIJANSKE VLADE NAMIJENJENE STRANIM STUDENTIMA ZA AK. G. 2022.\/2023. \u2013 ZANJI ROK ZA PRIJAVE 9. LIPANJ!"},"content":{"rendered":"<p><strong>Podsje\u0107amo da je zadnji rok za podno\u0161enje prijava <span style=\"text-decoration: underline;\">9. lipanj 2022.<\/span> u <span style=\"text-decoration: underline;\">14.00 sati<\/span> (po talijanskom vremenu).<\/strong><\/p>\n<p><a href=\"hr\/ambasciata\/news\/dall_ambasciata\/2022\/05\/bando-per-l-assegnazione-di-borse_0.html\">Natje\u010daj za dodjelu stipendija Vlade Republike Italije namijenjenih stranim studentima za akademsku godinu 2022.\/2023.<\/a><\/p>\n","protected":false},"excerpt":{"rendered":"Podsje\u0107amo da je zadnji rok za podno\u0161enje prijava 9. lipanj 2022. u 14.00 sati (po talijanskom vremenu). Natje\u010daj za dodjelu stipendija Vlade Republike Italije namijenjenih stranim studentima za akademsku godinu 2022.\/2023.","protected":false},"author":1,"featured_media":0,"comment_status":"","ping_status":"","sticky":false,"template":"","format":"standard","meta":{"footnotes":""},"tags":[],"class_list":["post-832","post","type-post","status-publish","format-standard","hentry"],"_links":{"self":[{"href":"https:\/\/ambzagabria.esteri.it\/hr\/wp-json\/wp\/v2\/posts\/832","targetHints":{"allow":["GET"]}}],"collection":[{"href":"https:\/\/ambzagabria.esteri.it\/hr\/wp-json\/wp\/v2\/posts"}],"about":[{"href":"https:\/\/ambzagabria.esteri.it\/hr\/wp-json\/wp\/v2\/types\/post"}],"author":[{"embeddable":true,"href":"https:\/\/ambzagabria.esteri.it\/hr\/wp-json\/wp\/v2\/users\/1"}],"replies":[{"embeddable":true,"href":"https:\/\/ambzagabria.esteri.it\/hr\/wp-json\/wp\/v2\/comments?post=832"}],"version-history":[{"count":0,"href":"https:\/\/ambzagabria.esteri.it\/hr\/wp-json\/wp\/v2\/posts\/832\/revisions"}],"wp:attachment":[{"href":"https:\/\/ambzagabria.esteri.it\/hr\/wp-json\/wp\/v2\/media?parent=832"}],"wp:term":[{"taxonomy":"post_tag","embeddable":true,"href":"https:\/\/ambzagabria.esteri.it\/hr\/wp-json\/wp\/v2\/tags?post=832"}],"curies":[{"name":"wp","href":"https:\/\/api.w.org\/{rel}","templated":true}]}}