{"id":886,"date":"2021-05-05T14:20:04","date_gmt":"2021-05-05T12:20:04","guid":{"rendered":"https:\/\/ambzagabria.esteri.it\/news\/dall_ambasciata\/2021\/05\/comunicato-stampa-italian-design-2\/"},"modified":"2021-05-05T14:20:04","modified_gmt":"2021-05-05T12:20:04","slug":"comunicato-stampa-italian-design-2","status":"publish","type":"post","link":"https:\/\/ambzagabria.esteri.it\/hr\/news\/dall_ambasciata\/2021\/05\/comunicato-stampa-italian-design-2\/","title":{"rendered":"ITALIAN DESIGN DAY 2021. \u2014 IZLO\u017dBA U SPLITU"},"content":{"rendered":"<p style=\"text-align: center;\"><strong>PRIOP\u0106ENJE ZA TISAK<\/strong><\/p>\n<p style=\"text-align: center;\"><strong>ITALIAN DESIGN DAY 2021. \u2014 IZLO\u017dBA U SPLITU<\/strong><\/p>\n<p>\u00a0<\/p>\n<p>Obilje\u017eavanje Dana talijanskog dizajna je manifestacija koja se odr\u017eava diljem svijeta s namjerom da \u0161irokoj publici pribli\u017ei talijanski dizajn i kulturu uop\u0107e.<\/p>\n<p>Generalna tema ovogodi\u0161njeg obilje\u017eavanja jest: \u201eDizajn i materijali: novi izazovi za odr\u017eivo redefiniranje Made in Italy\u201c.<\/p>\n<p>U navedenom kontekstu, a unutar proslave blagdana Sv. Dujma i Dana grada Splita, postavit \u0107e se u Muzeju grada Splita, Papali\u0107eva 1, izlo\u017eba pod nazivom \u201eCrvena \u2014 boja strasti\u201c (tal. \u201eRosso \u2014 il colore della passione\u201c).<\/p>\n<p>Izlo\u017eba \u0107e ostati otvorena u periodu od 10. svibnja do 13. lipnja 2021. , uz besplatan ulaz za posjetitelje u muzejskoj galeriji Dioklecijan.<\/p>\n<p>Izlo\u017ebu organizira Ured Talijanskog instituta za vanjsku trgovinu u Zagrebu, (ICE \u2014 ITA \u2014 Agencija), uz potporu Veleposlanstva Italije u Republici Hrvatskoj te Generalnog konzulata Republike Italije u Rijeci.<\/p>\n<p>Na izlo\u017ebi \u0107e biti predstavljeni kultni predmeti renomiranih talijanskih dizajnera \u2014 ve\u0107inom svakodnevne upotrebne vrijednosti, isklju\u010divo u crvenoj boji.<\/p>\n<p>Splitska \u0107e publika imati priliku vidjeti niz ikona talijanskog dizajna; npr. kultnu Vespu, Bialettijevo kuhalo za vodu, fotelju \u201eUp5\u201c, Martinellijevu stolnu lampu \u201cCobra\u201d, \u201evre\u0107u\u201c za sjedenje, itd.<\/p>\n<p>Izlo\u017eba je ostvarena u suradnji sa Zagreb Design Weekom i Vespa klubom iz Splita, a mo\u017ee se posjetiti svaki radni dan od 9 do 20h, te vikendom od 10 do 14h.<\/p>\n","protected":false},"excerpt":{"rendered":"PRIOP\u0106ENJE ZA TISAK ITALIAN DESIGN DAY 2021. \u2014 IZLO\u017dBA U SPLITU \u00a0 Obilje\u017eavanje Dana talijanskog dizajna je manifestacija koja se odr\u017eava diljem svijeta s namjerom da \u0161irokoj publici pribli\u017ei talijanski dizajn i kulturu uop\u0107e. Generalna tema ovogodi\u0161njeg obilje\u017eavanja jest: \u201eDizajn i materijali: novi izazovi za odr\u017eivo redefiniranje Made in Italy\u201c. U navedenom kontekstu, a unutar [&hellip;]","protected":false},"author":1,"featured_media":0,"comment_status":"","ping_status":"","sticky":false,"template":"","format":"standard","meta":{"footnotes":""},"tags":[],"class_list":["post-886","post","type-post","status-publish","format-standard","hentry"],"_links":{"self":[{"href":"https:\/\/ambzagabria.esteri.it\/hr\/wp-json\/wp\/v2\/posts\/886","targetHints":{"allow":["GET"]}}],"collection":[{"href":"https:\/\/ambzagabria.esteri.it\/hr\/wp-json\/wp\/v2\/posts"}],"about":[{"href":"https:\/\/ambzagabria.esteri.it\/hr\/wp-json\/wp\/v2\/types\/post"}],"author":[{"embeddable":true,"href":"https:\/\/ambzagabria.esteri.it\/hr\/wp-json\/wp\/v2\/users\/1"}],"replies":[{"embeddable":true,"href":"https:\/\/ambzagabria.esteri.it\/hr\/wp-json\/wp\/v2\/comments?post=886"}],"version-history":[{"count":0,"href":"https:\/\/ambzagabria.esteri.it\/hr\/wp-json\/wp\/v2\/posts\/886\/revisions"}],"wp:attachment":[{"href":"https:\/\/ambzagabria.esteri.it\/hr\/wp-json\/wp\/v2\/media?parent=886"}],"wp:term":[{"taxonomy":"post_tag","embeddable":true,"href":"https:\/\/ambzagabria.esteri.it\/hr\/wp-json\/wp\/v2\/tags?post=886"}],"curies":[{"name":"wp","href":"https:\/\/api.w.org\/{rel}","templated":true}]}}