{"id":4709,"date":"2025-10-31T15:40:19","date_gmt":"2025-10-31T14:40:19","guid":{"rendered":"https:\/\/ambzagabria.esteri.it\/?p=4709"},"modified":"2025-10-31T15:40:19","modified_gmt":"2025-10-31T14:40:19","slug":"missione-dellamb-trichilo-a-spalato","status":"publish","type":"post","link":"https:\/\/ambzagabria.esteri.it\/it\/news\/dall_ambasciata\/2025\/10\/missione-dellamb-trichilo-a-spalato\/","title":{"rendered":"Missione dell\u2019Amb. Trichilo a Spalato"},"content":{"rendered":"<p>L\u2019Ambasciatore Paolo Trichilo si \u00e8 recato il 27 e il 28 ottobre in missione a Spalato,\u00a0la seconda citt\u00e0 per importanza del Paese. La visita si \u00e8 aperta con <strong>incontri con il nuovo Sindaco, Tomislav \u0160uta<\/strong>, eletto in occasione del voto amministrativo del giugno scorso, <strong>e con il Presidente della Regione spalatino-dalmata, Bla\u017eenko Boban<\/strong>, confermato nell\u2019incarico a seguito dello stesso scrutinio. I colloqui hanno fatto emergere la comune volont\u00e0 di sviluppare ulteriormente la collaborazione tra le due sponde dell\u2019Adriatico in settori quali l\u2019economia, la cultura, il turismo, l\u2019istruzione.<\/p>\n<p>L\u2019Ambasciatore ha anche visitato la Facolt\u00e0 di Filosofia dell\u2019<strong>Universit\u00e0 di Spalato<\/strong>, dove ha incontrato la Preside della Facolt\u00e0, la nuova responsabile del Dipartimento di Italianistica, e i due lettori di lingua italiana, uno dei quali inviato dal Ministero degli Affari Esteri e della Cooperazione Internazionale. Dall&#8217;incontro \u00e8 emersa la volont\u00e0 del Dipartimento di promuovere con convinzione il nostro idioma, come confermato dalle iniziative svolte durante l\u2019ultima edizione della Settimana della Lingua italiana nel Mondo.<\/p>\n<p>Nei suddetti incontri l&#8217;Ambasciatore \u00e8 stato accompagnato dalla Console Onoraria in Spalato e dalla Presidente della Comunit\u00e0 degli Italiani di Spalato, per evidenziare l&#8217;importanza del ruolo svolto in Croazia dalla Comunit\u00e0 Nazionale Italiana.<\/p>\n<p>Il programma ha infine incluso la <strong>visita al sito archeologico della citt\u00e0 romana di Salona<\/strong> &#8211; il pi\u00f9 vasto della Croazia &#8211; e alla mostra \u201cLuci dell\u2019Esistenza\u201d di Alberto Di Fabio, uno dei principali artisti italiani contemporanei le cui opere sono state esposte in diversi prestigiosi musei e istituzioni (Gagosian Gallery a New York, Parigi, Londra, Triennale Milano, Museo Macro di Roma, Fondazione Bullukian a Lione, CERN di Ginevra e Galleria Nazionale d\u2019Arte Moderna e Contemporanea di Roma).<\/p>\n<p>&nbsp;<\/p>\n<p><strong>RASSEGNA STAMPA<\/strong><\/p>\n<ul>\n<li><strong>\u00a0<\/strong><a href=\"https:\/\/lavoce.hr\/attualita\/il-tour-di-paolo-trichilo-tra-arte-contemporanea-e-patrimonio-romano\" target=\"_blank\" rel=\"noopener\"><strong>La voce del popolo (27 ottobre)<\/strong><\/a><\/li>\n<li><a href=\"https:\/\/lavoce.hr\/attualita\/il-tour-di-paolo-trichilo-tra-arte-contemporanea-e-patrimonio-romano\" target=\"_blank\" rel=\"noopener\"><strong>La voce del popolo (28 ottobre)<\/strong><\/a><\/li>\n<li><a href=\"https:\/\/split.hr\/clanak\/prijateljski-susret-predstavnika-italije-s-celnicima-splita-i-zupanije\" target=\"_blank\" rel=\"noopener\"><strong>Grad Split (27 ottobre)<\/strong><\/a><\/li>\n<li><a href=\"https:\/\/www.giornalediplomatico.it\/croazia-amb-trichilo-in-missione-a-spalato-1.htm\"><strong>Giornale diplomatico (28 ottobre)<\/strong><\/a><\/li>\n<li><a href=\"https:\/\/www.ansa.it\/sito\/notizie\/mondo\/news_dalle_ambasciate\/2025\/10\/28\/croazia-lambasciatore-trichilo-in-missione-a-spalato_d547b997-4cd7-4b7e-b3ac-c0b7fad1a176.html\" target=\"_blank\" rel=\"noopener\"><strong>Ansa (28 ottobre)<\/strong><\/a><\/li>\n<\/ul>\n","protected":false},"excerpt":{"rendered":"L\u2019Ambasciatore Paolo Trichilo si \u00e8 recato il 27 e il 28 ottobre in missione a Spalato,\u00a0la seconda citt\u00e0 per importanza del Paese. La visita si \u00e8 aperta con incontri con il nuovo Sindaco, Tomislav \u0160uta, eletto in occasione del voto amministrativo del giugno scorso, e con il Presidente della Regione spalatino-dalmata, Bla\u017eenko Boban, confermato nell\u2019incarico [&hellip;]","protected":false},"author":4,"featured_media":4697,"comment_status":"closed","ping_status":"closed","sticky":false,"template":"","format":"standard","meta":{"footnotes":""},"tags":[],"class_list":["post-4709","post","type-post","status-publish","format-standard","has-post-thumbnail","hentry"],"_links":{"self":[{"href":"https:\/\/ambzagabria.esteri.it\/it\/wp-json\/wp\/v2\/posts\/4709","targetHints":{"allow":["GET"]}}],"collection":[{"href":"https:\/\/ambzagabria.esteri.it\/it\/wp-json\/wp\/v2\/posts"}],"about":[{"href":"https:\/\/ambzagabria.esteri.it\/it\/wp-json\/wp\/v2\/types\/post"}],"author":[{"embeddable":true,"href":"https:\/\/ambzagabria.esteri.it\/it\/wp-json\/wp\/v2\/users\/4"}],"replies":[{"embeddable":true,"href":"https:\/\/ambzagabria.esteri.it\/it\/wp-json\/wp\/v2\/comments?post=4709"}],"version-history":[{"count":1,"href":"https:\/\/ambzagabria.esteri.it\/it\/wp-json\/wp\/v2\/posts\/4709\/revisions"}],"predecessor-version":[{"id":4711,"href":"https:\/\/ambzagabria.esteri.it\/it\/wp-json\/wp\/v2\/posts\/4709\/revisions\/4711"}],"wp:featuredmedia":[{"embeddable":true,"href":"https:\/\/ambzagabria.esteri.it\/it\/wp-json\/wp\/v2\/media\/4697"}],"wp:attachment":[{"href":"https:\/\/ambzagabria.esteri.it\/it\/wp-json\/wp\/v2\/media?parent=4709"}],"wp:term":[{"taxonomy":"post_tag","embeddable":true,"href":"https:\/\/ambzagabria.esteri.it\/it\/wp-json\/wp\/v2\/tags?post=4709"}],"curies":[{"name":"wp","href":"https:\/\/api.w.org\/{rel}","templated":true}]}}