{"id":792,"date":"2023-06-06T13:19:13","date_gmt":"2023-06-06T11:19:13","guid":{"rendered":"https:\/\/ambzagabria.esteri.it\/news\/dall_ambasciata\/2023\/06\/discorso-dell-ambasciatore-pierfrancesco\/"},"modified":"2023-06-06T13:19:13","modified_gmt":"2023-06-06T11:19:13","slug":"discorso-dell-ambasciatore-pierfrancesco","status":"publish","type":"post","link":"https:\/\/ambzagabria.esteri.it\/it\/news\/dall_ambasciata\/2023\/06\/discorso-dell-ambasciatore-pierfrancesco\/","title":{"rendered":"Discorso dell&#8217;Ambasciatore Pierfrancesco Sacco in occasione del 77esimo Anniversario della Repubblica Italiana."},"content":{"rendered":"<p>Si trascrive l&#8217;intervento dell&#8217;Ambasciatore Pierfrancesco Sacco pronunciato in occasione della Festa della Repubblica lo scorso 2 giugno 2023:<\/p>\n<p>\u00a0<\/p>\n<p>&#8220;Gentile Ministro Grlic Radman,<\/p>\n<p>Gentili rappresentanti del Governo e delle istituzioni croate,<\/p>\n<p>Gentili esponenti del corpo diplomatico,<\/p>\n<p>Cari connazionali,<\/p>\n<p>Signore e signori,<\/p>\n<p>\u00a0<\/p>\n<p>\u00e8 un onore e un piacere ospitarvi anche quest\u2019anno nella sede dell\u2019Ambasciata d\u2019Italia.<\/p>\n<p>Celebriamo insieme il 77esimo Anniversario della Repubblica Italiana, nascita di una nuova Nazione democratica e pluralista fondata sul lavoro.<\/p>\n<p>Vi invito a farlo anche ricordando le vittime delle recenti alluvioni che hanno colpito l\u2019Italia.<\/p>\n<p>Un grande sforzo nazionale, con la collaborazione dell\u2019Unione Europea e di alcuni dei suoi Membri, \u00e8 in corso per risanare queste terribili piaghe e rilanciare la vita sociale, educativa, culturale ed economica della bella terra di Romagna e delle altre aree colpite.<\/p>\n<p>Ripensando all\u2019anno trascorso dal precedente 2 Giugno, in cui abbiamo festeggiato il 30esimo anniversario delle relazioni diplomatiche tra Italia e Croazia, c\u2019\u00e8 da essere sempre pi\u00f9 soddisfatti della vastit\u00e0 e profondit\u00e0 del nostro rapporto bilaterale in tutti i settori.<\/p>\n<p>Le consultazioni politiche si sono intensificate, da ultimo con la visita a Zagabria del Vice Presidente del Consiglio e Ministro degli Esteri Antonio Tajani, lo scorso 17 marzo.<\/p>\n<p>Sono inoltre proseguite numerose le iniziative realizzate nei settori economico-commerciale e culturale dall\u2019Ambasciata, dall\u2019Istituto Italiano di Cultura, dall\u2019Agenzia per il Commercio Estero ICE, dal Consolato Generale a Fiume e dalla Camera di Commercio italo-croata, in collaborazione con i partner istituzionali croati.<\/p>\n<p>Quest\u2019anno \u00e8 stato anche per la Croazia ricco di successi.<br \/>Complimenti per il duplice successo dell\u2019adozione dell\u2019Euro e dell\u2019entrata nello spazio Schengen!<br \/>Entrambi questi risultati contribuiranno a consolidare ulteriormente il nostro partenariato, insieme al ruolo sempre pi\u00f9 dinamico svolto dalle due Minoranze nazionali.<\/p>\n<p>Saluto sempre con grande amicizia e riconoscenza la nostra Comunit\u00e0 Nazionale in Croazia e luned\u00ec sar\u00f2 a Fiume per festeggiare la Repubblica anche nel capoluogo quarnerino.<\/p>\n<p>Rafforzare i nostri rapporti nella comune casa europea \u00e8 ancora pi\u00f9 importante mentre la tragedia della guerra continua nel cuore dell\u2019Europa, in Ucraina.<br \/>Italia e Croazia sono accomunate dal medesimo spirito di solidariet\u00e0 e di amicizia verso il popolo ucraino aggredito.<br \/>I nostri due Paesi assicurano convinto sostegno finanziario, umanitario e militare all\u2019Ucraina e promuovono attivamente gli sforzi di pace.<\/p>\n<p>Italia e Croazia hanno in comune anche l\u2019Adriatico, storicamente un mare che unisce e che \u00e8 oggi fonte di prosperit\u00e0 e pace per i suoi popoli rivieraschi.<\/p>\n<p>Il 10 luglio si svolger\u00e0 in Italia il IV vertice Trilaterale sull\u2019Alto Adriatico fra Italia, Croazia e Slovenia, forum di cooperazione in settori importanti per il nostro futuro comune quali la connettivit\u00e0, la protezione dell\u2019ambiente, la sicurezza marittima e l\u2019economia blu.<\/p>\n<p>A ottobre avr\u00e0 luogo in Croazia la VI edizione del Comitato di coordinamento dei Ministri italiani e croati, che si svolge adesso regolarmente ogni anno e mezzo insieme a un Business Forum, piattaforma di collaborazione per le imprese dei nostri due Paesi.<br \/>Il settore economico presenta oggi un grande dinamismo e potenzialit\u00e0 di ulteriore sviluppo<br \/>L\u2019Italia dopo numerosi anni \u00e8 tornata ad essere nettamente il primo partner commerciale della Croazia con 8,6 miliardi di euro d\u2019interscambio. Anche gli investimenti delle nostre aziende stanno aumentando, nello scorso anno di circa 400 milioni di euro.<br \/>Due recenti iniziative daranno certamente impulso a questa tendenza di crescita.<\/p>\n<p>Mi riferisco alla Conferenza sull\u2019Economia Blu organizzata il 10 maggio scorso a Zagabria dall\u2019Ambasciata insieme alla Camera Croata dell\u2019Economia e al programma \u201cSapori d\u2019Italia\u201d.<\/p>\n<p>Quest\u2019ultimo \u00e8 realizzato dall\u2019Agenzia ICE di Zagabria insieme a Konzum e promuove per un mese oltre 1500 prodotti italiani nei 600 punti vendita Konzum in tutta la Croazia.<\/p>\n<p>Prosegue anche l\u2019impegno del nostro Istituto di Cultura per offrire un\u2019immagine a 360 gradi della cultura italiana in tutti i suoi campi, in una costante interazione con la cultura croata.<\/p>\n<p>Arti visive e plastiche, musica, letteratura classica e contemporanea, cinema, teatro, danza, arti grafiche e fumetto sono stati e saranno altrettanti campi di dialogo e d\u2019interazione fra le due culture grazie al lavoro del nostro Istituto di Cultura.<\/p>\n<p>Qui voglio citare solo la mostra \u201cIl mestiere delle arti in Italia. Capolavori da Palazzo Madama di Torino\u201d, allestita a Zara presso il Museo Nazionale\/Palazzo del Rettore, e la mostra dedicata al pittore e incisore manierista, zaratino di nascita, Andrea Schiavone presso il Museo di Belle Arti di Osijek.<\/p>\n<p>Infine, le persone.<br \/>Vi sono persone che, nei rispettivi ambiti di lavoro, hanno particolarmente contribuito al rafforzamento della collaborazione bilaterale.<br \/>Ad alcune di loro, ogni anno rendiamo un meritato riconoscimento.<\/p>\n<p>Per l\u2019anno in corso, l\u2019onorificenza di Cavaliere dell\u2019Ordine della Stella d\u2019Italia \u00e8 stata attribuita a tre cittadini croati, che verranno insigniti nelle prossime settimane nel corso di un evento presso l\u2019Ambasciata:<\/p>\n<p>1) il Vice Governatore della Banca Nazionale croata Michael Faulend, che ha contribuito alla promozione dei rapporti bilaterali nel settore bancario e finanziario con importanti ricadute per il sistema imprenditoriale;<\/p>\n<p>2) la Capo Dipartimento per gli affari europei e le relazioni internazionali del Ministero degli interni Svjetlana Haramba\u0161i\u0107, per il suo impegno a rafforzare la collaborazione per la sicurezza dei nostri due Paesi;<\/p>\n<p>3) il Professore emerito della Facolt\u00e0 di Ingegneria Meccanica e Navale dell&#8217;Universit\u00e0 di Zagabria Bojan Jerbi\u0107, per il suo apporto all\u2019approfondimento delle relazioni bilaterali nel campo della ricerca accademica applicata alla robotica.<\/p>\n<p>Ringrazio la bella squadra della nostra Ambasciata che mi ha assistito nella realizzazione di questo evento e le aziende che hanno co-sponsorizzato questa edizione della Festa della Repubblica: ABS SISAK; PBZ; ZABA; DE LONGHI; FATA; GENERALI; L\u2019OPEROSA.<\/p>\n<p>Grazie a tutti per la vostra partecipazione e la vostra attenzione e vi auguro una piacevole serata, anzi un piacevole aperitivo italiano!&#8221;<\/p>\n<p>\u00a0<\/p>\n","protected":false},"excerpt":{"rendered":"Si trascrive l&#8217;intervento dell&#8217;Ambasciatore Pierfrancesco Sacco pronunciato in occasione della Festa della Repubblica lo scorso 2 giugno 2023: \u00a0 &#8220;Gentile Ministro Grlic Radman, Gentili rappresentanti del Governo e delle istituzioni croate, Gentili esponenti del corpo diplomatico, Cari connazionali, Signore e signori, \u00a0 \u00e8 un onore e un piacere ospitarvi anche quest\u2019anno nella sede dell\u2019Ambasciata d\u2019Italia. [&hellip;]","protected":false},"author":1,"featured_media":0,"comment_status":"","ping_status":"","sticky":false,"template":"","format":"standard","meta":{"footnotes":""},"tags":[],"class_list":["post-792","post","type-post","status-publish","format-standard","hentry"],"_links":{"self":[{"href":"https:\/\/ambzagabria.esteri.it\/it\/wp-json\/wp\/v2\/posts\/792","targetHints":{"allow":["GET"]}}],"collection":[{"href":"https:\/\/ambzagabria.esteri.it\/it\/wp-json\/wp\/v2\/posts"}],"about":[{"href":"https:\/\/ambzagabria.esteri.it\/it\/wp-json\/wp\/v2\/types\/post"}],"author":[{"embeddable":true,"href":"https:\/\/ambzagabria.esteri.it\/it\/wp-json\/wp\/v2\/users\/1"}],"replies":[{"embeddable":true,"href":"https:\/\/ambzagabria.esteri.it\/it\/wp-json\/wp\/v2\/comments?post=792"}],"version-history":[{"count":0,"href":"https:\/\/ambzagabria.esteri.it\/it\/wp-json\/wp\/v2\/posts\/792\/revisions"}],"wp:attachment":[{"href":"https:\/\/ambzagabria.esteri.it\/it\/wp-json\/wp\/v2\/media?parent=792"}],"wp:term":[{"taxonomy":"post_tag","embeddable":true,"href":"https:\/\/ambzagabria.esteri.it\/it\/wp-json\/wp\/v2\/tags?post=792"}],"curies":[{"name":"wp","href":"https:\/\/api.w.org\/{rel}","templated":true}]}}