{"id":885,"date":"2021-05-05T14:20:04","date_gmt":"2021-05-05T12:20:04","guid":{"rendered":"https:\/\/ambzagabria.esteri.it\/news\/dall_ambasciata\/2021\/05\/comunicato-stampa-italian-design\/"},"modified":"2021-05-05T14:20:04","modified_gmt":"2021-05-05T12:20:04","slug":"comunicato-stampa-italian-design","status":"publish","type":"post","link":"https:\/\/ambzagabria.esteri.it\/it\/news\/dall_ambasciata\/2021\/05\/comunicato-stampa-italian-design\/","title":{"rendered":"ITALIAN DESIGN DAY 2021: Mostra \u201cROSSO, IL COLORE DELLA PASSIONE&#8221;, Spalato (10 maggio &#8211; 13 giugno 2021)"},"content":{"rendered":"<p style=\"text-align: center;\"><strong>ITALIAN DESIGN DAY 2021<\/strong><\/p>\n<p style=\"text-align: center;\"><strong>SPALATO, CROAZIA<\/strong><\/p>\n<p style=\"text-align: center;\">\u00a0<\/p>\n<p style=\"text-align: center;\"><strong>MOSTRA &#8220;ROSSO, IL COLORE DELLA PASSIONE&#8221;<\/strong><\/p>\n<p>\u00a0<\/p>\n<p>La celebrazione dell\u2019 &#8220;<strong>Italian Design Day<\/strong>&#8221; \u00e8 una manifestazione che si svolge ogni anno in tutto il mondo con l\u2019obiettivo di avvicinare il design e la cultura italiani al pi\u00f9 ampio pubblico di esperti, cultori ed estimatori dell\u2019estro tricolore.<\/p>\n<p>Il tema della manifestazione di quest\u2019anno, promossa dal Ministero degli Affari Esteri e della Cooperazione Internazionale in collaborazione con l\u2019Agenzia ICE, \u00e8: &#8220;<em>Progetto e materia: nuove sfide per la ripartenza sostenibile del Made in Italy&#8221;<\/em>.<\/p>\n<p>In questo contesto, e all\u2019interno del vasto programma celebrativo della festa di San Doimo e del Giorno della Citt\u00e0 di Spalato, nella prestigiosa sede del Museo Civico in via Papali\u0107eva 1 &#8211; Galleria di Diocleziano &#8211; sar\u00e0 allestita una mostra denominata: \u201cRosso \u2013 il colore della passione\u201d.<\/p>\n<p>L\u2019esposizione \u00e8 organizzata dall\u2019Istituto Italiano per il commercio estero di Zagabria (Agenzia ICE), in collaborazione con l\u2019Ambasciata d\u2019Italia in Croazia e il Consolato Generale d\u2019Italia a Fiume, con l\u2019ausilio di Zagreb Design Week e del Vespa Club di Spalato. Una prima edizione della mostra \u00e8 stata realizzata a Zagabria lo scorso 5 novembre presso la sede dell\u2019Istituto Italiano di Cultura per celebrare l\u2019Italian Design Day 2020.<\/p>\n<p>L\u2019evento vedr\u00e0 protagonisti oggetti di culto di rinomati designers italiani considerati dei classici in tutto il mondo realizzati esclusivamente in colore rosso, simbolo di design emozionale e colore che distingue l\u2019eccellenza italiana nel mondo.<\/p>\n<p>Il pubblico di Spalato avr\u00e0 l\u2019occasione di ammirare una selezione di oggetti iconici mediante i quali raccontare perch\u00e9 l\u2019Italia \u00e8 sinonimo indiscusso di design: la Vespa Piaggio, la caffettiera Bialetti, la poltrona \u201eUp5\u201c, la lampada da tavolo di Martinelli \u201cCobra\u201d, la poltrona \u201cSacco\u201c e molto altro.<\/p>\n<p>La mostra rester\u00e0 aperta dal 10 maggio al 13 giugno 2021 e sar\u00e0 ad ingresso libero, nel rispetto delle misure anti Covid in vigore.<\/p>\n<p>Potr\u00e0 essere visitata tutti i giorni lavorativi dalle 9h alle 20h ed il fine settimana dalle 10h alle 14h.<\/p>\n","protected":false},"excerpt":{"rendered":"ITALIAN DESIGN DAY 2021 SPALATO, CROAZIA \u00a0 MOSTRA &#8220;ROSSO, IL COLORE DELLA PASSIONE&#8221; \u00a0 La celebrazione dell\u2019 &#8220;Italian Design Day&#8221; \u00e8 una manifestazione che si svolge ogni anno in tutto il mondo con l\u2019obiettivo di avvicinare il design e la cultura italiani al pi\u00f9 ampio pubblico di esperti, cultori ed estimatori dell\u2019estro tricolore. Il tema [&hellip;]","protected":false},"author":1,"featured_media":0,"comment_status":"","ping_status":"","sticky":false,"template":"","format":"standard","meta":{"footnotes":""},"tags":[],"class_list":["post-885","post","type-post","status-publish","format-standard","hentry"],"_links":{"self":[{"href":"https:\/\/ambzagabria.esteri.it\/it\/wp-json\/wp\/v2\/posts\/885","targetHints":{"allow":["GET"]}}],"collection":[{"href":"https:\/\/ambzagabria.esteri.it\/it\/wp-json\/wp\/v2\/posts"}],"about":[{"href":"https:\/\/ambzagabria.esteri.it\/it\/wp-json\/wp\/v2\/types\/post"}],"author":[{"embeddable":true,"href":"https:\/\/ambzagabria.esteri.it\/it\/wp-json\/wp\/v2\/users\/1"}],"replies":[{"embeddable":true,"href":"https:\/\/ambzagabria.esteri.it\/it\/wp-json\/wp\/v2\/comments?post=885"}],"version-history":[{"count":0,"href":"https:\/\/ambzagabria.esteri.it\/it\/wp-json\/wp\/v2\/posts\/885\/revisions"}],"wp:attachment":[{"href":"https:\/\/ambzagabria.esteri.it\/it\/wp-json\/wp\/v2\/media?parent=885"}],"wp:term":[{"taxonomy":"post_tag","embeddable":true,"href":"https:\/\/ambzagabria.esteri.it\/it\/wp-json\/wp\/v2\/tags?post=885"}],"curies":[{"name":"wp","href":"https:\/\/api.w.org\/{rel}","templated":true}]}}