{"id":939,"date":"2020-06-01T13:22:04","date_gmt":"2020-06-01T11:22:04","guid":{"rendered":"https:\/\/ambzagabria.esteri.it\/news\/dall_ambasciata\/2020\/06\/74ma-festa-della-repubblica-italiana\/"},"modified":"2020-06-01T13:22:04","modified_gmt":"2020-06-01T11:22:04","slug":"74ma-festa-della-repubblica-italiana","status":"publish","type":"post","link":"https:\/\/ambzagabria.esteri.it\/it\/news\/dall_ambasciata\/2020\/06\/74ma-festa-della-repubblica-italiana\/","title":{"rendered":"74MA FESTA DELLA REPUBBLICA ITALIANA (2 giugno 2020) &#8211; Messaggio e Videomessaggio dell&#8217;Ambasciatore Pierfrancesco SACCO"},"content":{"rendered":"<p>Videomessaggio dell&#8217;Ambasciatore Pierfrancesco SACCO in occasione della Festa della Repubblica Italiana 2020: <a href=\"https:\/\/youtu.be\/MaD1_QurOJE\">https:\/\/youtu.be\/MaD1_QurOJE<\/a> <\/p>\n<p><em><span style=\"text-decoration: underline;\"><strong>MESSAGGIO DELL\u2019AMBASCIATORE D\u2019ITALIA IN CROAZIA:<\/strong><\/span><\/em><\/p>\n<p>Mi rivolgo a tutti voi per celebrare la 74ma Festa della Repubblica italiana, sorta con il Referendum costituzionale del 2 giugno 1946.<\/p>\n<p>Quest\u2019anno, su indicazione del Ministero degli Affari Esteri e della Cooperazione Internazionale, non si tengono i consueti ricevimenti delle Ambasciate per le misure di prevenzione connesse alla pandemia.<\/p>\n<p>Ricordiamo, anzi, e onoriamo con commozione le tante vittime del Covid 19, in Italia, in Croazia e nel mondo, e tutti coloro che si prodigano nelle cure e nella lotta al virus.<\/p>\n<p>***<\/p>\n<p>74 anni fa nacque un nuovo protagonista della comunit\u00e0 internazionale.<\/p>\n<p>Nacque una Repubblica derivante da una plurimillenaria tradizione storica e culturale sorta, nella Resistenza al nazi-fascismo, dalle macerie di una guerra mondiale devastante, sotto il segno della democrazia, del lavoro, della libert\u00e0 e dell\u2019uguaglianza.<\/p>\n<p>Con una felice vicinanza di date, emblematica per la vicinanza geografica e l\u2019amicizia fra i nostri due popoli, tre giorni fa la Croazia ha celebrato la propria Giornata della Statualit\u00e0 che commemora la prima riunione del Parlamento, il Sabor.<\/p>\n<p>Per me questa \u00e8 la prima Festa della Repubblica come Ambasciatore d\u2019Italia in Croazia. Coglier\u00f2 quindi l\u2019occasione anche per presentarvi brevemente le linee principali del mio programma di lavoro.<\/p>\n<p>Qui in Croazia questo 2 Giugno \u00e8 particolarmente significativo celebrarlo insieme, italiani e croati, perch\u00e9 cittadini di uno dei paesi fondatori dell\u2019Unione Europea, l\u2019Italia, e cittadini del suo pi\u00f9 giovane Stato Membro, la Croazia, che sta per concludere la sua prima Presidenza dell\u2019Unione Europea.<\/p>\n<p>Una Presidenza che \u00e8 stata gestita con impegno ed efficacia, nonostante la pandemia e il terremoto che ha colpito Zagabria lo scorso 22 marzo, con immediati soccorsi da parte italiana.<\/p>\n<p>Anche in questo Semestre di Presidenza la tradizionale amicizia e le strette relazioni fra Italia e Croazia hanno dato buoni frutti.<\/p>\n<p>Mi fa particolarmente piacere ricordare che il sito internet della Presidenza croata ha anche una versione in lingua italiana.<\/p>\n<p>Fra Roma e Zagabria vi sono stati in questi mesi frequenti contatti e consultazioni a diversi livelli, per conseguire nella migliore maniera obiettivi largamente condivisi.<\/p>\n<p>Roma \u00e8 stata la prima Capitale UE visitata, gi\u00e0 nel dicembre 2019, dal Primo Ministro Plenkovic in vista della Presidenza di turno croata e in occasione del Vertice dell\u2019Iniziativa Centro \u2013 Europea.<\/p>\n<p>Italia e Croazia si sono adoperate assiduamente per raggiungere lo storico risultato dell\u2019apertura dei negoziati di adesione all\u2019Unione Europea con Albania e Macedonia del Nord, fino al Vertice UE \u2013 Balcani Occidentali promosso dalla Presidenza croata del 6 maggio, che ha ribadito la prospettiva europea dei Paesi della regione.<\/p>\n<p>Durante l\u2019intero corso della dura lotta al Covid19 e ancora oggi, l\u2019Italia e la Croazia hanno dato prova di sapersi e volersi intendere sulle politiche necessarie al contrasto della pandemia e al superamento del suo gravissimo impatto socio \u2013 economico, nel segno di una nuova solidariet\u00e0 da parte dell\u2019Unione Europea e fra i suoi Stati Membri.<\/p>\n<p>***<\/p>\n<p>Gli incontri bilaterali degli scorsi dodici mesi sono stati numerosi e ancora di pi\u00f9 lo saranno quelli dei prossimi. Penso, in particolare, al Comitato dei Ministri, l\u2019istanza che coordina e promuove operativamente i rapporti fra i nostri due Paesi, che si riunir\u00e0 dopo la pausa estiva.<\/p>\n<p>Esso opera in tanti ambiti di diretto interesse per i cittadini, dai trasporti all\u2019energia, dal turismo alla cultura, dalla sicurezza alla collaborazione imprenditoriale.<\/p>\n<p>Riunendosi con frequenza regolare e con un\u2019agenda ambiziosa, ma anche selettiva e concreta, il Comitato dei Ministri potr\u00e0 diventare un autentico motore dell\u2019innalzamento a livello strategico dei rapporti italo \u2013 croati.<\/p>\n<p>D\u2019altronde, la netta crescita delle relazioni economiche, finanziarie e turistiche anche nel 2019, anno record nel quale l\u2019interscambio commerciale ha raggiunto i 5,6 miliardi di Euro, con lo speciale ruolo della cooperazione nel settore bancario, ci incoraggia a intraprendere questo percorso d\u2019intensificazione e ampliamento dei rapporti bilaterali. L\u2019Italia \u00e8 il secondo partner commerciale della Croazia e uno dei paesi da cui proviene una quota primaria degli investimenti diretti esteri qui realizzati.<\/p>\n<p>Nel post pandemia, l\u2019amicizia italo \u2013 croata sar\u00e0 anche una risorsa preziosa per il rilancio delle nostre economie, in un quadro radicalmente mutato in cui le micro, piccole e medie aziende saranno decisive.<\/p>\n<p>E\u2019 di queste aziende che \u00e8 fatta gran parte del tessuto economico della Croazia come dell\u2019Italia.<\/p>\n<p>Un pi\u00f9 serrato dialogo e una maggior collaborazione rispetto al Mediterraneo allargato e al processo di avvicinamento all\u2019Unione Europea degli Stati dei Balcani Occidentali potranno darci un\u2019altra chiave essenziale per innalzare i rapporti al livello strategico che meritano.<\/p>\n<p>Ricordo, a tale riguardo, che i nostri Paesi sono impegnati insieme in due esercizi di cooperazione regionale di speciale interesse, l\u2019Iniziativa Centro Europea (InCE) con il suo Segretariato a Trieste, attiva anche rispetto alle sfide poste dal Covid19 nell\u2019area, e l\u2019Iniziativa Adriatico \u2013 Ionica che ha il suo Segretariato ad Ancona.<\/p>\n<p>Sono convinto che una delle lezioni che dobbiamo apprendere dalla crisi pandemica che ci stiamo lasciando alle spalle, ma i cui effetti resteranno purtroppo a lungo con noi, sia quella dell\u2019importanza dei &#8220;vicinati&#8221;.<\/p>\n<p>Paesi vicini geograficamente, oltre che storicamente amici come \u00e8 il caso per Italia e Croazia, sono gli uni per gli altri d\u2019importanza cruciale durante crisi di portata storica come quella attuale.<\/p>\n<p>Con la pandemia, ci accorgiamo che nuove sfide incalzanti si sono aggiunte, anche su scala locale e regionale, alla gi\u00e0 complessa gestione delle maggiori sfide globali.<\/p>\n<p>Mi riferisco a sfide che vanno dalla prevenzione in ambito sanitario al mantenimento della fluidit\u00e0 del traffico merci, dall\u2019esigenza vitale di rilancio economico all\u2019epocale questione delle migrazioni forzate, dalle trasformazioni in atto nel mercato del lavoro alle dinamiche demografiche, dalla sicurezza digitale all\u2019impatto sull\u2019ecosistema adriatico del cambiamento climatico e dell\u2019inquinamento.<\/p>\n<p>Penso anche all\u2019accresciuta competizione geopolitica globale, evidente anche nell\u2019area geografica di comune interesse per Italia e Croazia, con la connessa esigenza di rafforzare, sia a livello bilaterale che nel quadro della comune appartenenza all\u2019Unione Europea e alla NATO, la tutela e la promozione dei valori e principi condivisi, sanciti nelle nostre Costituzioni democratiche.<\/p>\n<p>Mi sembra evidente come, in questo scenario, Italia e Croazia debbano poter aggiornare rapidamente la propria conoscenza reciproca, in una prospettiva di collaborazione rinnovata e pi\u00f9 strategicamente orientata.<\/p>\n<p>***<\/p>\n<p>La presenza in Croazia di un&#8217;importante Minoranza autoctona italiana, come quella della Minoranza croata in Italia, rappresenta a mio avviso un pilastro essenziale per costruire un rapporto pi\u00f9 strategicamente orientato fra i nostri due Paesi.<\/p>\n<p>Gli italiani in Croazia costituiscono una comunit\u00e0 vivace e dinamica, ponte di dialogo interculturale e preziosa sorgente di reti e di rapporti: minoranza autoctona, dunque fortemente radicata in Croazia, ma allo stesso tempo unita da indissolubili legami al nostro Paese.<\/p>\n<p>Una delle mie principali linee programmatiche \u00e8, fin dall&#8217;inizio, proprio quella di potenziare i rapporti tra l\u2019Ambasciata e le Comunit\u00e0 Nazionali Italiane, che l\u2019Unione Italiana unitariamente rappresenta.<\/p>\n<p>Quante Scuole e quante altre Istituzioni italiane da conoscere e con cui collaborare!<\/p>\n<p>Ho gi\u00e0 potuto apprezzare personalmente, a Fiume e Abbazia, l\u2019impegno e la passione che i membri delle Comunit\u00e0 pongono nella tutela e promozione dello straordinario patrimonio di lingua, cultura, storia e qualit\u00e0 che la nostra tradizione pu\u00f2 legittimamente vantare, ma anche offrire nello scambio con altre. A Fiume, ho conosciuto anche la straordinaria realt\u00e0 giornalistica e editoriale dell&#8217;EDIT con il quotidiano La Voce del Popolo e tutte le sue pubblicazioni.<\/p>\n<p>Spero di riprendere presto il mio programma di visite e incontri, iniziando da Pola e dall&#8217;Istria gi\u00e0 nel corso di questo mese.<\/p>\n<p>L\u2019importanza del ruolo delle Comunit\u00e0 Italiane in Croazia per il complessivo rilancio dei rapporti bilaterali a cui ho prima accennato, mi spinge anche a favorire maggiori interconnessioni, in un\u2019aggiornata ottica di business community, fra Unione Italiana e Camera di Commercio Italo \u2013 Croata. Le stiamo perseguendo con la collaborazione pro-attiva del nostro Consolato Generale a Fiume e della rete dei nostri Consolati Onorari, insieme all\u2019Ufficio dell\u2019Agenzia ICE di Zagabria.<\/p>\n<p>Il potenziamento della dimensione economica e imprenditoriale della Minoranza deve andare di pari passo con una pi\u00f9 uniforme ed estesa tutela dei suoi diritti, in particolare dei cosiddetti diritti storici.<\/p>\n<p>Ho subito trovato in questo un ascolto sensibile nelle competenti Autorit\u00e0 croate. Voglio in particolare ringraziare il Ministro della Pubblica Amministrazione Malenica, che ho avuto il piacere di incontrare personalmente come altri membri del Governo croato.<\/p>\n<p>Nel fare riferimento alle Istituzioni croate, rivolgo anche un saluto amichevole al Vice-Presidente del Sabor Furio Radin.<\/p>\n<p>Dedicher\u00f2 rinnovata attenzione anche al dialogo interparlamentare, sempre fonte di sintonie e sinergie fra stati e popoli, per il quale ho gi\u00e0 riscontrato piena disponibilit\u00e0 presso il Parlamento italiano.<\/p>\n<p>***<\/p>\n<p>Un\u2019altra linea d\u2019azione che ho iniziato a perseguire riguarda la promozione della lingua e della cultura italiane e l\u2019approfondimento della cooperazione bilaterale in campo culturale.<\/p>\n<p>Un passo decisivo in questo senso, per il quale i due Ministeri della cultura sono gi\u00e0 impegnati, sar\u00e0 l\u2019adozione di un nuovo Protocollo esecutivo dell\u2019Accordo quadro in materia culturale.<\/p>\n<p>Intendo dare maggior sistematicit\u00e0 anche alla preziosa opera di diffusione della lingua e cultura italiane che, in ambito universitario, \u00e8 svolta dai nostri lettorati presso gli atenei croati, al momento a Zagabria, Fiume e Spalato. La collaborazione con i rispettivi dipartimenti e le relative cattedre di italianistica sar\u00e0 alimentata in modo creativo, con il concorso del nostro Istituto di Cultura. Specifiche iniziative sono in via di elaborazione in questo senso.<\/p>\n<p>Aumentare di spessore e arricchire il dialogo, la collaborazione e gli scambi nei tanti settori in cui si articola l\u2019offerta culturale italo \u2013 croata contribuir\u00e0 a quell\u2019innalzamento a livello strategico delle relazioni fra i nostri due Paesi che considero l\u2019obiettivo di fondo della mia appassionante missione in questo magnifico Paese.<\/p>\n<p>Con la creativit\u00e0 e l\u2019impegno di tutti, a partire dal Personale dell\u2019Ambasciata, del Consolato Generale a Fiume, dell\u2019Istituto di Cultura e dell\u2019Ufficio ICE, che ringrazio per la dedizione al servizio della nostra Repubblica, insieme possiamo farcela.<\/p>\n<p>Quindi viva l\u2019Italia, viva la Croazia!<\/p>\n","protected":false},"excerpt":{"rendered":"Videomessaggio dell&#8217;Ambasciatore Pierfrancesco SACCO in occasione della Festa della Repubblica Italiana 2020: https:\/\/youtu.be\/MaD1_QurOJE MESSAGGIO DELL\u2019AMBASCIATORE D\u2019ITALIA IN CROAZIA: Mi rivolgo a tutti voi per celebrare la 74ma Festa della Repubblica italiana, sorta con il Referendum costituzionale del 2 giugno 1946. Quest\u2019anno, su indicazione del Ministero degli Affari Esteri e della Cooperazione Internazionale, non si tengono [&hellip;]","protected":false},"author":1,"featured_media":0,"comment_status":"","ping_status":"","sticky":false,"template":"","format":"standard","meta":{"footnotes":""},"tags":[],"class_list":["post-939","post","type-post","status-publish","format-standard","hentry"],"_links":{"self":[{"href":"https:\/\/ambzagabria.esteri.it\/it\/wp-json\/wp\/v2\/posts\/939","targetHints":{"allow":["GET"]}}],"collection":[{"href":"https:\/\/ambzagabria.esteri.it\/it\/wp-json\/wp\/v2\/posts"}],"about":[{"href":"https:\/\/ambzagabria.esteri.it\/it\/wp-json\/wp\/v2\/types\/post"}],"author":[{"embeddable":true,"href":"https:\/\/ambzagabria.esteri.it\/it\/wp-json\/wp\/v2\/users\/1"}],"replies":[{"embeddable":true,"href":"https:\/\/ambzagabria.esteri.it\/it\/wp-json\/wp\/v2\/comments?post=939"}],"version-history":[{"count":0,"href":"https:\/\/ambzagabria.esteri.it\/it\/wp-json\/wp\/v2\/posts\/939\/revisions"}],"wp:attachment":[{"href":"https:\/\/ambzagabria.esteri.it\/it\/wp-json\/wp\/v2\/media?parent=939"}],"wp:term":[{"taxonomy":"post_tag","embeddable":true,"href":"https:\/\/ambzagabria.esteri.it\/it\/wp-json\/wp\/v2\/tags?post=939"}],"curies":[{"name":"wp","href":"https:\/\/api.w.org\/{rel}","templated":true}]}}